{"id":1329,"date":"2020-08-31T18:55:12","date_gmt":"2020-08-31T18:55:12","guid":{"rendered":"https:\/\/www.evawodnik.com\/?p=1329"},"modified":"2020-09-26T05:48:57","modified_gmt":"2020-09-26T05:48:57","slug":"el-ego-2","status":"publish","type":"post","link":"http:\/\/www.evawodnik.com\/2018\/el-ego-2\/","title":{"rendered":"Cargando con el ego"},"content":{"rendered":"<p>Cuando al ego se le viste&#8230;a la moda y eligiendo la imagen por la que quiere ser reconocido, no por gusto sino por apariencia. Se le maquilla y atusa igual que cuando \u00e9ramos ni\u00f1as a nuestras mu\u00f1ecas o cuando los hombres tunean sus coches. Cuando al ego se le cuelgan estudios, especializaciones y cuantos m\u00e1s t\u00edtulos mejor, no por gusto sino para su sustento. Cuando se le sujeta con fotos\u00a0<span class=\"text_exposed_show\">que se ajustan a nuestra idea de \u00e9l.Cuando se le mantiene con orgullo ante la mirada de lo social auto escondi\u00e9ndonos de las incongruencias entre la imagen y la experiencia real. Entonces el ego es una carga.Hemos fabricado una realidad social ajustada a las medidas de los egos. Castillos en el aire que se vuelven contra nuestra paz personal y colectiva, claro.<\/span><\/p>\n","protected":false},"excerpt":{"rendered":"<p>Cuando al ego se le viste&#8230;a la moda y eligiendo la imagen por la que quiere ser reconocido, no por gusto sino por apariencia. Se&#8230;<\/p>\n","protected":false},"author":3,"featured_media":1328,"comment_status":"closed","ping_status":"open","sticky":false,"template":"","format":"standard","meta":{"_exactmetrics_skip_tracking":false,"_exactmetrics_sitenote_active":false,"_exactmetrics_sitenote_note":"","_exactmetrics_sitenote_category":0,"footnotes":""},"categories":[27],"tags":[],"class_list":{"0":"post-1329","1":"post","2":"type-post","3":"status-publish","4":"format-standard","5":"has-post-thumbnail","7":"category-el-ego"},"_links":{"self":[{"href":"http:\/\/www.evawodnik.com\/2018\/wp-json\/wp\/v2\/posts\/1329","targetHints":{"allow":["GET"]}}],"collection":[{"href":"http:\/\/www.evawodnik.com\/2018\/wp-json\/wp\/v2\/posts"}],"about":[{"href":"http:\/\/www.evawodnik.com\/2018\/wp-json\/wp\/v2\/types\/post"}],"author":[{"embeddable":true,"href":"http:\/\/www.evawodnik.com\/2018\/wp-json\/wp\/v2\/users\/3"}],"replies":[{"embeddable":true,"href":"http:\/\/www.evawodnik.com\/2018\/wp-json\/wp\/v2\/comments?post=1329"}],"version-history":[{"count":3,"href":"http:\/\/www.evawodnik.com\/2018\/wp-json\/wp\/v2\/posts\/1329\/revisions"}],"predecessor-version":[{"id":1568,"href":"http:\/\/www.evawodnik.com\/2018\/wp-json\/wp\/v2\/posts\/1329\/revisions\/1568"}],"wp:featuredmedia":[{"embeddable":true,"href":"http:\/\/www.evawodnik.com\/2018\/wp-json\/wp\/v2\/media\/1328"}],"wp:attachment":[{"href":"http:\/\/www.evawodnik.com\/2018\/wp-json\/wp\/v2\/media?parent=1329"}],"wp:term":[{"taxonomy":"category","embeddable":true,"href":"http:\/\/www.evawodnik.com\/2018\/wp-json\/wp\/v2\/categories?post=1329"},{"taxonomy":"post_tag","embeddable":true,"href":"http:\/\/www.evawodnik.com\/2018\/wp-json\/wp\/v2\/tags?post=1329"}],"curies":[{"name":"wp","href":"https:\/\/api.w.org\/{rel}","templated":true}]}}