{"id":1570,"date":"2020-09-27T07:02:19","date_gmt":"2020-09-27T07:02:19","guid":{"rendered":"https:\/\/www.evawodnik.com\/?p=1570"},"modified":"2020-11-12T07:16:25","modified_gmt":"2020-11-12T07:16:25","slug":"1570-2","status":"publish","type":"post","link":"http:\/\/www.evawodnik.com\/2018\/1570-2\/","title":{"rendered":""},"content":{"rendered":"<p>LIBERARSE DE LA IDEA DE EGO<\/p>\n<p><img loading=\"lazy\" decoding=\"async\" class=\"alignnone size-medium wp-image-1569\" src=\"http:\/\/www.evawodnik.com\/2018\/wp-content\/uploads\/2020\/09\/27-09-2020-SP-JPG-222x300.jpg\" alt=\"\" width=\"222\" height=\"300\" srcset=\"http:\/\/www.evawodnik.com\/2018\/wp-content\/uploads\/2020\/09\/27-09-2020-SP-JPG-222x300.jpg 222w, http:\/\/www.evawodnik.com\/2018\/wp-content\/uploads\/2020\/09\/27-09-2020-SP-JPG.jpg 745w\" sizes=\"auto, (max-width: 222px) 100vw, 222px\" \/>El discurso del ego es el de atribuirse las causalidades de todas las experiencias y esta narrativa a veces pareciera que encaja pero una mirada perspicaz se da cuenta que la mayor\u00eda de las veces no lo hace. Lo que nos ocurre, generalmente, se escapa a nuestro entendimiento en pos de una inteligencia superior, un sentido luminoso que muestra el rostro de lo m\u00e1s sagrado, en la vida.<\/p>\n<p>Cuando comprendemos profundamente que las cosas no pod\u00edan haber sido de otra manera. Que somos el resultado de un sistema que lleva movi\u00e9ndose millones de a\u00f1os a trav\u00e9s de nuestros genes, condicionamientos, aprendizajes&#8230;una m\u00e1quina biol\u00f3gica complicad\u00edsima que funciona por s\u00ed misma en todos los sentidos y cambia en cada instante: experiencia org\u00e1nicamente en continuo movimiento.<br \/>\nCuando mentalmente y sobre todo experiencialmente hemos comprendido esto y nos rendimos, entonces el ego se suelta, la identificaci\u00f3n con el hacedor va cayendo, por m\u00e1s que siga apareciendo. Y uno se dedica a disfrutar del paseo de la vida, ocurra lo que ocurra en el viaje, aceptaci\u00f3n ocurre&#8230; o no.<\/p>\n","protected":false},"excerpt":{"rendered":"<p>LIBERARSE DE LA IDEA DE EGO El discurso del ego es el de atribuirse las causalidades de todas las experiencias y esta narrativa a veces&#8230;<\/p>\n","protected":false},"author":3,"featured_media":1569,"comment_status":"closed","ping_status":"open","sticky":false,"template":"","format":"standard","meta":{"_exactmetrics_skip_tracking":false,"_exactmetrics_sitenote_active":false,"_exactmetrics_sitenote_note":"","_exactmetrics_sitenote_category":0,"footnotes":""},"categories":[10,27],"tags":[],"class_list":{"0":"post-1570","1":"post","2":"type-post","3":"status-publish","4":"format-standard","5":"has-post-thumbnail","7":"category-autoconocimiento","8":"category-el-ego"},"_links":{"self":[{"href":"http:\/\/www.evawodnik.com\/2018\/wp-json\/wp\/v2\/posts\/1570","targetHints":{"allow":["GET"]}}],"collection":[{"href":"http:\/\/www.evawodnik.com\/2018\/wp-json\/wp\/v2\/posts"}],"about":[{"href":"http:\/\/www.evawodnik.com\/2018\/wp-json\/wp\/v2\/types\/post"}],"author":[{"embeddable":true,"href":"http:\/\/www.evawodnik.com\/2018\/wp-json\/wp\/v2\/users\/3"}],"replies":[{"embeddable":true,"href":"http:\/\/www.evawodnik.com\/2018\/wp-json\/wp\/v2\/comments?post=1570"}],"version-history":[{"count":3,"href":"http:\/\/www.evawodnik.com\/2018\/wp-json\/wp\/v2\/posts\/1570\/revisions"}],"predecessor-version":[{"id":1629,"href":"http:\/\/www.evawodnik.com\/2018\/wp-json\/wp\/v2\/posts\/1570\/revisions\/1629"}],"wp:featuredmedia":[{"embeddable":true,"href":"http:\/\/www.evawodnik.com\/2018\/wp-json\/wp\/v2\/media\/1569"}],"wp:attachment":[{"href":"http:\/\/www.evawodnik.com\/2018\/wp-json\/wp\/v2\/media?parent=1570"}],"wp:term":[{"taxonomy":"category","embeddable":true,"href":"http:\/\/www.evawodnik.com\/2018\/wp-json\/wp\/v2\/categories?post=1570"},{"taxonomy":"post_tag","embeddable":true,"href":"http:\/\/www.evawodnik.com\/2018\/wp-json\/wp\/v2\/tags?post=1570"}],"curies":[{"name":"wp","href":"https:\/\/api.w.org\/{rel}","templated":true}]}}