{"id":1089,"date":"2020-08-30T12:29:41","date_gmt":"2020-08-30T12:29:41","guid":{"rendered":"https:\/\/www.evawodnik.com\/?p=1089"},"modified":"2020-08-30T12:29:53","modified_gmt":"2020-08-30T12:29:53","slug":"surcando-las-aguas-hacia-la-quietud","status":"publish","type":"post","link":"https:\/\/www.evawodnik.com\/2018\/surcando-las-aguas-hacia-la-quietud\/","title":{"rendered":"Surcando las aguas hacia la quietud"},"content":{"rendered":"<div id=\"id_5f4b9492b7fe64603242984\" class=\"text_exposed_root text_exposed\">\n<p>El silencio comienza a abrirse paso. Al principio alboroto, incluso histeria, nerviosismo colectivo. Quehaceres desenfrenados arrastrados por la inercia del ritmo de actividad colectiva. La inercia es tal que si no hay actividad, es inventada. Haceres, actividades y ruidos disminuyendo a un ritmo vertiginoso.Ya cansados de escuchar tantas verdades y mentiras<span class=\"text_exposed_show\">&nbsp;sobre lo mismo. Hastiados de rellenar el tiempo con cart\u00f3n piedra.El vac\u00edo y el silencio de quedarse con \u00abuno\u00bb y las energ\u00edas que nos recorren. Ahora obvias gritando su verdad. Sencillamente para ser escuchadas, asumidas y simplemente absorbidas de nuevo por el vac\u00edo, transmutadas as\u00ed. Una y otra vez hasta quedar lavadas y as\u00ed poder habitarnos en el vac\u00edo,la quietud, la Paz.<\/span><\/p>\n<\/div>\n<div id=\"fbPhotoSnowliftProductMiniListHscroll\" class=\"fbCommerceProductMiniListHscroll\"><\/div>\n<div id=\"fbPhotoSnowliftLegacyTagList\" class=\"pts fbPhotoLegacyTagList\">\n<div><\/div>\n<\/div>\n<div id=\"fbPhotoSnowliftCallToActionButton\" class=\"fbPhotosPhotoButtons\"><\/div>\n<div id=\"fbPhotoSnowliftPhotoFundraiser\"><\/div>\n<div id=\"fbPhotoSnowliftOwnerButtons\" class=\"mvm fbPhotosPhotoOwnerButtons stat_elem\">\n<div id=\"photosTruncatingUIButtonGroup\" class=\"_51xa _3-8m _3-90\"><\/div>\n<\/div>\n","protected":false},"excerpt":{"rendered":"<p>El silencio comienza a abrirse paso. Al principio alboroto, incluso histeria, nerviosismo colectivo. Quehaceres desenfrenados arrastrados por la inercia del ritmo de actividad colectiva. La&#8230;<\/p>\n","protected":false},"author":3,"featured_media":1090,"comment_status":"closed","ping_status":"open","sticky":false,"template":"","format":"standard","meta":{"_exactmetrics_skip_tracking":false,"_exactmetrics_sitenote_active":false,"_exactmetrics_sitenote_note":"","_exactmetrics_sitenote_category":0,"footnotes":""},"categories":[17],"tags":[],"class_list":{"0":"post-1089","1":"post","2":"type-post","3":"status-publish","4":"format-standard","5":"has-post-thumbnail","7":"category-compartires-medianos"},"_links":{"self":[{"href":"https:\/\/www.evawodnik.com\/2018\/wp-json\/wp\/v2\/posts\/1089","targetHints":{"allow":["GET"]}}],"collection":[{"href":"https:\/\/www.evawodnik.com\/2018\/wp-json\/wp\/v2\/posts"}],"about":[{"href":"https:\/\/www.evawodnik.com\/2018\/wp-json\/wp\/v2\/types\/post"}],"author":[{"embeddable":true,"href":"https:\/\/www.evawodnik.com\/2018\/wp-json\/wp\/v2\/users\/3"}],"replies":[{"embeddable":true,"href":"https:\/\/www.evawodnik.com\/2018\/wp-json\/wp\/v2\/comments?post=1089"}],"version-history":[{"count":2,"href":"https:\/\/www.evawodnik.com\/2018\/wp-json\/wp\/v2\/posts\/1089\/revisions"}],"predecessor-version":[{"id":1092,"href":"https:\/\/www.evawodnik.com\/2018\/wp-json\/wp\/v2\/posts\/1089\/revisions\/1092"}],"wp:featuredmedia":[{"embeddable":true,"href":"https:\/\/www.evawodnik.com\/2018\/wp-json\/wp\/v2\/media\/1090"}],"wp:attachment":[{"href":"https:\/\/www.evawodnik.com\/2018\/wp-json\/wp\/v2\/media?parent=1089"}],"wp:term":[{"taxonomy":"category","embeddable":true,"href":"https:\/\/www.evawodnik.com\/2018\/wp-json\/wp\/v2\/categories?post=1089"},{"taxonomy":"post_tag","embeddable":true,"href":"https:\/\/www.evawodnik.com\/2018\/wp-json\/wp\/v2\/tags?post=1089"}],"curies":[{"name":"wp","href":"https:\/\/api.w.org\/{rel}","templated":true}]}}